

{"id":11752,"date":"2013-11-02T10:21:59","date_gmt":"2013-11-02T13:21:59","guid":{"rendered":"http:\/\/portalfloresnoar.com\/floresnoar\/?p=11752"},"modified":"2013-11-25T09:39:00","modified_gmt":"2013-11-25T12:39:00","slug":"terapeuta-maira-darllen-realiza-atendimentos-as-familias-no-pos-parto","status":"publish","type":"post","link":"https:\/\/portalfloresnoar.com\/floresnoar\/terapeuta-maira-darllen-realiza-atendimentos-as-familias-no-pos-parto\/","title":{"rendered":"Terapeuta Ma\u00edra Darllen realiza atendimentos \u00e0s fam\u00edlias no p\u00f3s-parto"},"content":{"rendered":"<p>Motivada a dar suporte aos pais e m\u00e3es envolvidos nas mudan\u00e7as comuns na chegada de um beb\u00ea, a psicoterapeuta e doula Ma\u00edra Darllen inicia atendimentos \u00e0s fam\u00edlias no p\u00f3s-parto. Os atendimentos podem ser domiciliares, bem como no consult\u00f3rio da terapeuta, situado na Rua Alberta Paiva, 192, Gra\u00e7as. Al\u00e9m dos atendimentos individuais e de casal, Ma\u00edra tamb\u00e9m realiza encontros em grupo.<\/p>\n<p>A reconfigura\u00e7\u00e3o familiar, desenhada ap\u00f3s o nascimento do beb\u00ea, &#8220;dita novas regras ao casal&#8221;, que passa, segundo Ma\u00edra, a desempenhar outros pap\u00e9is. &#8220;\u00c9 poss\u00edvel que neste momento, mem\u00f3rias e sentimentos antigos despertem no \u00edntimo do pai e\/ou da m\u00e3e. Por isso a import\u00e2ncia de &#8216;cuidar dos cuidadores&#8217; do rec\u00e9m-nascido&#8221;, chama aten\u00e7\u00e3o, a psicoterapeuta que tamb\u00e9m trabalha com aromaterapia.<\/p>\n<p>Al\u00e9m de oferecer suporte emocional \u00e0s fam\u00edlias, Ma\u00edra orienta sobre os cuidados necess\u00e1rios para proporcionar um ritmo saud\u00e1vel ao beb\u00ea e \u00e0 mulher. &#8220;O sono, as mamadas, as c\u00f3licas e os choros do beb\u00ea podem, em alguns casos, angustiar a m\u00e3e que se sente cansada e ansiosa para suprir todas as demandas que a cercam&#8221;, explica Darllen.<\/p>\n<p>Para maiores informa\u00e7\u00f5es e agendamento, ligar para 81-9617.7752 | 81-9417.9088<\/p>\n<p>Ma\u00edra Darllen \u00e9 psicoterapeuta de crian\u00e7as e adultos &amp; Aprendiz de Parteira Tradicional, atuando como doula de parto e p\u00f3s parto.<\/p>\n","protected":false},"excerpt":{"rendered":"<p>Motivada a dar suporte aos pais e m\u00e3es envolvidos nas mudan\u00e7as comuns na chegada de um beb\u00ea, a psicoterapeuta e doula Ma\u00edra Darllen inicia atendimentos \u00e0s fam\u00edlias no p\u00f3s-parto. Os atendimentos podem ser domiciliares, bem como no consult\u00f3rio da terapeuta, situado na Rua Alberta Paiva, 192, Gra\u00e7as. Al\u00e9m dos atendimentos individuais e de casal, Ma\u00edra [&hellip;]<\/p>\n","protected":false},"author":1,"featured_media":11758,"comment_status":"open","ping_status":"open","sticky":false,"template":"","format":"standard","meta":{"om_disable_all_campaigns":false,"_monsterinsights_skip_tracking":false,"_monsterinsights_sitenote_active":false,"_monsterinsights_sitenote_note":"","_monsterinsights_sitenote_category":0,"footnotes":""},"categories":[9],"tags":[39],"acf":[],"publishpress_future_action":{"enabled":false,"date":"1969-12-31 21:00:00","action":"","terms":[],"taxonomy":"","browser_timezone_offset":0},"_links":{"self":[{"href":"https:\/\/portalfloresnoar.com\/floresnoar\/wp-json\/wp\/v2\/posts\/11752"}],"collection":[{"href":"https:\/\/portalfloresnoar.com\/floresnoar\/wp-json\/wp\/v2\/posts"}],"about":[{"href":"https:\/\/portalfloresnoar.com\/floresnoar\/wp-json\/wp\/v2\/types\/post"}],"author":[{"embeddable":true,"href":"https:\/\/portalfloresnoar.com\/floresnoar\/wp-json\/wp\/v2\/users\/1"}],"replies":[{"embeddable":true,"href":"https:\/\/portalfloresnoar.com\/floresnoar\/wp-json\/wp\/v2\/comments?post=11752"}],"version-history":[{"count":0,"href":"https:\/\/portalfloresnoar.com\/floresnoar\/wp-json\/wp\/v2\/posts\/11752\/revisions"}],"wp:featuredmedia":[{"embeddable":true,"href":"https:\/\/portalfloresnoar.com\/floresnoar\/wp-json\/wp\/v2\/media\/11758"}],"wp:attachment":[{"href":"https:\/\/portalfloresnoar.com\/floresnoar\/wp-json\/wp\/v2\/media?parent=11752"}],"wp:term":[{"taxonomy":"category","embeddable":true,"href":"https:\/\/portalfloresnoar.com\/floresnoar\/wp-json\/wp\/v2\/categories?post=11752"},{"taxonomy":"post_tag","embeddable":true,"href":"https:\/\/portalfloresnoar.com\/floresnoar\/wp-json\/wp\/v2\/tags?post=11752"}],"curies":[{"name":"wp","href":"https:\/\/api.w.org\/{rel}","templated":true}]}}