

{"id":11492,"date":"2013-09-14T23:21:25","date_gmt":"2013-09-15T02:21:25","guid":{"rendered":"http:\/\/portalfloresnoar.com\/floresnoar\/?p=11492"},"modified":"2013-09-15T11:03:30","modified_gmt":"2013-09-15T14:03:30","slug":"robert-happe-adalberto-barreto-e-amit-goswami-foram-os-destaques-do-segundo-dia-do-simposio-de-saude-quantica-e-qualidade-de-vida","status":"publish","type":"post","link":"https:\/\/portalfloresnoar.com\/floresnoar\/robert-happe-adalberto-barreto-e-amit-goswami-foram-os-destaques-do-segundo-dia-do-simposio-de-saude-quantica-e-qualidade-de-vida\/","title":{"rendered":"Robert Happ\u00e9, Adalberto Barreto e Amit Goswami foram os destaques do segundo dia do Simp\u00f3sio de Sa\u00fade Qu\u00e2ntica e Qualidade de Vida"},"content":{"rendered":"<pre>Por Luciana Rabelo (com a colabora\u00e7\u00e3o de Pati Mello)*<\/pre>\n<p>S\u00f3 de ouvir na manh\u00e3 de hoje (14) as palestras do psiquiatra cearense Adalberto Barreto e do holand\u00eas Robert Happ\u00e9 j\u00e1 valeu \u00e0 pena demais o segundo dia do Simp\u00f3sio de Sa\u00fade Qu\u00e2ntica e Qualidade de Vida. E o encerramento com Amit Goswami orientando sobre a import\u00e2ncia do desbloqueio do chakra card\u00edaco fechou a programa\u00e7\u00e3o deste s\u00e1bado com a energia do Amor. A vontade que tenho \u00e9 de transcrever na \u00edntegra as tr\u00eas palestras, mas como n\u00e3o d\u00e1, destacarei nas fotos-legendas no final do texto algumas frases deles.<\/p>\n<p>Outro destaque foi o in\u00edcio da ExpoQuantum. A feira est\u00e1 oferecendo, durante os dias do simp\u00f3sio, atendimentos em variadas t\u00e9cnicas integrativas e diversos produtos naturais, como \u00f3leos essenciais, florais, cosm\u00e9ticos naturais, alimentos org\u00e2nicos, entre outros, al\u00e9m de livros, muitos livros.<\/p>\n<p>A programa\u00e7\u00e3o do s\u00e1bado foi aberta com a palestra de John Veltheim, fundador da Associa\u00e7\u00e3o Internacional de BodyTalk. \u201cMudando a energia do corpo a gente tamb\u00e9m muda a bioqu\u00edmica e fisiologia do nosso corpo\u201d, declarou Veltheim, que explicou o Sistema BodyTalk, onde cada ser humano deve ter \u00e0 sua disposi\u00e7\u00e3o um plano de tratamento integral que respeite as prioridades inatas do corpo. \u201cNo BodyTalk ouvimos o corpo. Observamos tudo, o passado do cliente, o ambiente que ele vive, os chakras, os \u00f3rg\u00e3os, pois tudo influencia na sa\u00fade.\u201d Veltheim tamb\u00e9m ressaltou a import\u00e2ncia dos micr\u00f3bios no nosso organismo. \u201c90% do corpo \u00e9 de micr\u00f3bios e 98,6% das mol\u00e9culas do corpo s\u00e3o de \u00e1gua. Somos uma piscina de micr\u00f3bios\u201d, brincou. \u201cA maioria dos micr\u00f3bios s\u00e3o do bem. Eles s\u00f3 s\u00e3o prejudiciais se a ecologia do nosso corpo estiver em desequil\u00edbrio\u201d.<\/p>\n<p>Autoridade mundial em Florais de Bach, Julian Barnard apresentou de forma did\u00e1tica o processo de cria\u00e7\u00e3o dos Florais de Bach. \u201cNo processo de feitura do floral as flores s\u00e3o colhidas e imersas em \u00e1gua da fonte, ficando expostas ao sol por um per\u00edodo de tr\u00eas horas. Os quatro elementos s\u00e3o fundamentais: a terra para nutrir a planta, o ar para aliment\u00e1-la, o fogo para capta\u00e7\u00e3o do poder e a \u00e1gua para o registro da cura magn\u00e9tica\u201d.<\/p>\n<p>Adalberto Barreto, criador da Terapia Comunit\u00e1ria Integrativa, falou da experi\u00eancia &#8211; de mais de 25 anos &#8211; na qual a pr\u00f3pria comunidade trata as v\u00edtimas de transtornos ps\u00edquicos e emocionais. A Terapia Comunit\u00e1ria alia a sabedoria popular ao conhecimento cient\u00edfico para criar espa\u00e7os de tratamento. \u201cNo nosso trabalho valorizamos as compet\u00eancias e n\u00e3o as car\u00eancias.\u201d O projeto inclui iniciativas como as Casas de Cura e Relaxamento para cuidados individualizados, complementados por massagens e tratamentos populares, como banhos de ervas. \u201cQuando iniciamos o trabalho percebemos que o que a maioria tinha n\u00e3o era doen\u00e7a e sim sofrimento\u201d.<\/p>\n<p>Robert Happ\u00e9, estudou Vedanta, Budismo e Tao\u00edsmo no Oriente durante 14 anos. Desde 1987 vem compartilhando informa\u00e7\u00f5es em forma de semin\u00e1rios e workshops em pa\u00edses da Europa, na \u00c1frica do Sul, nos EUA, na Austr\u00e1lia, e no Brasil. Seu trabalho \u00e9 independente, estando desvinculado, sob todo e qualquer aspecto, de organiza\u00e7\u00f5es religiosas, seitas, cultos e outros grupos. \u00c9 fundador do Centro de Educa\u00e7\u00e3o Espiritual &#8211; Robert Happ\u00e9, CEE, em Ara\u00e7oiaba da Serra &#8211; SP. Para ele \u201ca cura \u00e9 um processo onde voc\u00ea toma a decis\u00e3o de deixar a doen\u00e7a pra tr\u00e1s, toma a responsabilidade pela pr\u00f3pria sa\u00fade. A sa\u00fade na verdade \u00e9 um reflexo de quanta energia voc\u00ea pode trazer do seu cora\u00e7\u00e3o e de sua alma para o seu corpo mental, f\u00edsico e emocional. E quando essa energia flui bem e n\u00e3o existe nenhum bloquei voc\u00ea vai experienciar a felicidade, ter acesso ao seu poder de cria\u00e7\u00e3o e ter tanta vitalidade, vitalidade esta que vai te acompanhar no caminho que voc\u00ea escolheu trilhar\u201d.<\/p>\n<p>No per\u00edodo da tarde, Phillipe Bobola &#8211; bi\u00f3logo e antrop\u00f3logo, com doutorado em Qu\u00edmica e F\u00edsica &#8211; abordou a diferen\u00e7a entre a F\u00edsica Qu\u00e2ntica e Newtoniana, destacando que as terapias qu\u00e2nticas s\u00e3o uma verdadeira revolu\u00e7\u00e3o para a Medicina, uma vez que a alopatia \u00e9 essencialmente regulada pela F\u00edsica Newtoniana, que n\u00e3o leva em considera\u00e7\u00e3o o observador. A prop\u00f3sito, pela manh\u00e3, Robert Happ\u00e9 conceituou a F\u00edsica Qu\u00e2ntica de forma simples e direta: \u201cNa F\u00edsica Qu\u00e2ntica o observador influencia e afeta o resultado do que ele est\u00e1 observando\u201d.<\/p>\n<p>Ao som bem alto do tema de Guerra nas Estrelas, Lair Ribeiro subiu no palco. Foi engra\u00e7ado! A partir do tema \u2018Envelhecer sem ficar velho\u2019 o m\u00e9dico e autor de v\u00e1rios best-sellers foi dando dicas para obten\u00e7\u00e3o da longevidade com sa\u00fade.<\/p>\n<p>\u00c0 tardinha, foi a vez de um dos palestrantes mais esperados do Simp\u00f3sio, o indiano Amit Goswami. \u201cA consci\u00eancia \u00e9 a base de todo o ser, e a mat\u00e9ria existe como possibilidade da consci\u00eancia (&#8230;) A realidade vem do mundo da potencialidade\u201d.<\/p>\n<p>Ao final do dia ainda tive o privil\u00e9gio de escutar o psicoterapeuta Jo\u00e3o Bosco Galv\u00e3o, pai de minha comadre Ana\u00edra Mahin, falar numa conversa informal sobre a sua busca pela consci\u00eancia. \u201cConsci\u00eancia, Self, Alma s\u00e3o a mesma coisa. Quando estamos na consci\u00eancia estamos em paz, n\u00e3o h\u00e1 julgamento, mente, ego. \u00c9 um estado de amor incondicional\u201d.<\/p>\n<p>Antes de irmos embora \u2013 eu e Pati &#8211; recebemos massagem num equipamento chamado \u2018Assento Shiatsu\u2019. Muuuuito bom! Claro que receber massagem manual \u00e9 muito melhor, mas as bolinhas do assento realmente fazem movimentos e press\u00e3o precisas.<\/p>\n<p>\u00c0 noite, tomando uma cerveja, a conversa s\u00f3 foi uma: nossa busca por aquietar a mente em busca de uma vida mais consciente, regida pelo cora\u00e7\u00e3o. E para isso torna-se urgente o desbloqueio dos nossos chakras card\u00edacos, ainda desarmonizados por sofrimentos passados. Podemos resumir nossas reflex\u00f5es na seguinte frase: &#8216;o amor-pr\u00f3prio \u00e9 importante caminho para expans\u00e3o do amor na vida!&#8217;<\/p>\n<p><strong>FOTOS-LEGENDAS<\/strong><\/p>\n<pre>Fotos: Luciana Rabelo\/ Portal Flores no Ar<\/pre>\n<figure style=\"width: 512px\" class=\"wp-caption aligncenter\"><img decoding=\"async\" loading=\"lazy\" class=\"    \" alt=\"Robert Happ\u00e9\" src=\"http:\/\/portalfloresnoar.com\/floresnoar\/wp-content\/uploads\/2013\/09\/Robert-Happ\u00e9.jpg\" width=\"512\" height=\"384\" \/><figcaption class=\"wp-caption-text\">\u201cN\u00e3o \u00e9 f\u00e1cil se reconhecer nesse mundo dual\u00edstico como ser criador.\u201d<br \/>\u201cQuando a sua vida est\u00e1 uma bagun\u00e7a voc\u00ea precisa olhar pra sua mente porque \u00e9 ela que est\u00e1 criando essa bagun\u00e7a. &#8220;<br \/>\u201cA nova dire\u00e7\u00e3o \u00e9 para dentro, acreditando finalmente em voc\u00ea mesmo\u201d<br \/>\u201cSeu guru \u00e9 a experi\u00eancia. \u00c9 ela o seu professor, ningu\u00e9m mais.\u201d<br \/>\u201cVoc\u00ea precisa gastar mais tempo consigo mesmo!\u201d<br \/>\u201cQuando voc\u00ea est\u00e1 com uma dor, a sua intui\u00e7\u00e3o lhe oferece quase que imediatamente a solu\u00e7\u00e3o de como lidar com essa dor. Assim voc\u00ea pode eliminar a dor na sua vida.\u201d<br \/>\u201c\u00c9 preciso renascer-se!&#8221;<br \/>(Robert Happ\u00e9)<\/figcaption><\/figure>\n<p>&nbsp;<\/p>\n<figure id=\"attachment_11493\" aria-describedby=\"caption-attachment-11493\" style=\"width: 512px\" class=\"wp-caption aligncenter\"><img decoding=\"async\" loading=\"lazy\" class=\" wp-image-11493\" alt=\"Adalberto Barreto\" src=\"http:\/\/portalfloresnoar.com\/floresnoar\/wp-content\/uploads\/2013\/09\/Adalberto-Barreto.jpg\" width=\"512\" height=\"384\" srcset=\"https:\/\/portalfloresnoar.com\/floresnoar\/wp-content\/uploads\/2013\/09\/Adalberto-Barreto.jpg 640w, https:\/\/portalfloresnoar.com\/floresnoar\/wp-content\/uploads\/2013\/09\/Adalberto-Barreto-300x225.jpg 300w, https:\/\/portalfloresnoar.com\/floresnoar\/wp-content\/uploads\/2013\/09\/Adalberto-Barreto-150x112.jpg 150w, https:\/\/portalfloresnoar.com\/floresnoar\/wp-content\/uploads\/2013\/09\/Adalberto-Barreto-400x300.jpg 400w\" sizes=\"(max-width: 512px) 100vw, 512px\" \/><figcaption id=\"caption-attachment-11493\" class=\"wp-caption-text\">\u201cO maior patrim\u00f4nio de uma pessoa \u00e9 a confian\u00e7a em si.\u201d<br \/>\u201cComo fazer as pessoas acreditarem nelas pr\u00f3prias? O trabalho de cura \u00e9 um trabalho de f\u00e9!\u201d<br \/>\u201cPara sermos terapeutas, cuidadores, n\u00e3o podemos nos limitar a uma s\u00f3 abordagem, seja ela biol\u00f3gica, psicol\u00f3gica, sociol\u00f3gica ou espiritual, pois estaremos reduzindo a grandeza do homem a apenas um de suas partes(&#8230;) Qualquer fanatismo, seja ele biol\u00f3gico, psicol\u00f3gico, sociol\u00f3gico, filos\u00f3fico, religioso ou qu\u00e2ntico \u00e9 empecilho para o desenvolvimento de a\u00e7\u00f5es promotoras de vida. Precisamos superar os preconceitos que nos tornam m\u00edopes, limitam nossa vis\u00e3o e restringem nossas condutas pessoais e profissionais. E lembrar que n\u00f3s n\u00e3o herdamos dos nossos antepassados somente caracter\u00edsticas f\u00edsicas, mas tamb\u00e9m mem\u00f3rias que se manifestam no nosso corpo. Poder acessar e decodificar essas mem\u00f3rias transgeracionais, permite ao indiv\u00edduo se apropriar de sua hist\u00f3ria, conhecer melhor suas heran\u00e7as ancestrais, poder fazer uma ruptura e re-significar esse legado prevenindo que se perpetue nas gera\u00e7\u00f5es seguintes. A compreens\u00e3o das causas emocionais profundas pode despertar a consci\u00eancia de cada um de n\u00f3s.\u201d (Adalberto Barreto)<\/figcaption><\/figure>\n<p>&nbsp;<\/p>\n<figure id=\"attachment_11494\" aria-describedby=\"caption-attachment-11494\" style=\"width: 512px\" class=\"wp-caption aligncenter\"><img decoding=\"async\" loading=\"lazy\" class=\" wp-image-11494\" alt=\"Amit Goswami\" src=\"http:\/\/portalfloresnoar.com\/floresnoar\/wp-content\/uploads\/2013\/09\/Amit-Goswami.jpg\" width=\"512\" height=\"384\" srcset=\"https:\/\/portalfloresnoar.com\/floresnoar\/wp-content\/uploads\/2013\/09\/Amit-Goswami.jpg 640w, https:\/\/portalfloresnoar.com\/floresnoar\/wp-content\/uploads\/2013\/09\/Amit-Goswami-300x225.jpg 300w, https:\/\/portalfloresnoar.com\/floresnoar\/wp-content\/uploads\/2013\/09\/Amit-Goswami-150x112.jpg 150w, https:\/\/portalfloresnoar.com\/floresnoar\/wp-content\/uploads\/2013\/09\/Amit-Goswami-400x300.jpg 400w\" sizes=\"(max-width: 512px) 100vw, 512px\" \/><figcaption id=\"caption-attachment-11494\" class=\"wp-caption-text\">\u201cA base da cura \u00e9 desenvolver uma sensibilidade \u00e0 nossa inteireza(&#8230;) O sistema humano \u00e9 todo conectado, precisamos trat\u00e1-lo sempre como uma totalidade,e quem pode fazer isso melhor do que n\u00f3s? N\u00f3s temos uma escolha! N\u00f3s podemos escolher ser saud\u00e1vel, podemos escolher a vida.\u201d (Amit Goswami)<\/figcaption><\/figure>\n<p>&nbsp;<\/p>\n<figure id=\"attachment_11495\" aria-describedby=\"caption-attachment-11495\" style=\"width: 512px\" class=\"wp-caption aligncenter\"><img decoding=\"async\" loading=\"lazy\" class=\" wp-image-11495\" alt=\"John Veltheim\" src=\"http:\/\/portalfloresnoar.com\/floresnoar\/wp-content\/uploads\/2013\/09\/John-Veltheim.jpg\" width=\"512\" height=\"384\" srcset=\"https:\/\/portalfloresnoar.com\/floresnoar\/wp-content\/uploads\/2013\/09\/John-Veltheim.jpg 640w, https:\/\/portalfloresnoar.com\/floresnoar\/wp-content\/uploads\/2013\/09\/John-Veltheim-300x225.jpg 300w, https:\/\/portalfloresnoar.com\/floresnoar\/wp-content\/uploads\/2013\/09\/John-Veltheim-150x112.jpg 150w, https:\/\/portalfloresnoar.com\/floresnoar\/wp-content\/uploads\/2013\/09\/John-Veltheim-400x300.jpg 400w\" sizes=\"(max-width: 512px) 100vw, 512px\" \/><figcaption id=\"caption-attachment-11495\" class=\"wp-caption-text\">\u201cA maioria dos micr\u00f3bios s\u00e3o do bem. Eles s\u00f3 s\u00e3o prejudiciais se a ecologia do nosso corpo estiver em desequil\u00edbrio\u201d (John Veltheim)<\/figcaption><\/figure>\n<p>&nbsp;<\/p>\n<figure id=\"attachment_11496\" aria-describedby=\"caption-attachment-11496\" style=\"width: 512px\" class=\"wp-caption aligncenter\"><img decoding=\"async\" loading=\"lazy\" class=\" wp-image-11496\" alt=\"Julian Barnard\" src=\"http:\/\/portalfloresnoar.com\/floresnoar\/wp-content\/uploads\/2013\/09\/Julian-Barnard.jpg\" width=\"512\" height=\"384\" srcset=\"https:\/\/portalfloresnoar.com\/floresnoar\/wp-content\/uploads\/2013\/09\/Julian-Barnard.jpg 640w, https:\/\/portalfloresnoar.com\/floresnoar\/wp-content\/uploads\/2013\/09\/Julian-Barnard-300x225.jpg 300w, https:\/\/portalfloresnoar.com\/floresnoar\/wp-content\/uploads\/2013\/09\/Julian-Barnard-150x112.jpg 150w, https:\/\/portalfloresnoar.com\/floresnoar\/wp-content\/uploads\/2013\/09\/Julian-Barnard-400x300.jpg 400w\" sizes=\"(max-width: 512px) 100vw, 512px\" \/><figcaption id=\"caption-attachment-11496\" class=\"wp-caption-text\">&#8220;Os quatro elementos s\u00e3o fundamentais: a terra para nutrir a planta, o ar para aliment\u00e1-la, o fogo para capta\u00e7\u00e3o do poder e a \u00e1gua para o registro da cura magn\u00e9tica.\u201d (Julian Barnard)<\/figcaption><\/figure>\n<p>&nbsp;<\/p>\n<figure id=\"attachment_11497\" aria-describedby=\"caption-attachment-11497\" style=\"width: 512px\" class=\"wp-caption aligncenter\"><img decoding=\"async\" loading=\"lazy\" class=\" wp-image-11497\" alt=\"Lair Ribeiro\" src=\"http:\/\/portalfloresnoar.com\/floresnoar\/wp-content\/uploads\/2013\/09\/Lair-Ribeiro.jpg\" width=\"512\" height=\"384\" srcset=\"https:\/\/portalfloresnoar.com\/floresnoar\/wp-content\/uploads\/2013\/09\/Lair-Ribeiro.jpg 640w, https:\/\/portalfloresnoar.com\/floresnoar\/wp-content\/uploads\/2013\/09\/Lair-Ribeiro-300x225.jpg 300w, https:\/\/portalfloresnoar.com\/floresnoar\/wp-content\/uploads\/2013\/09\/Lair-Ribeiro-150x112.jpg 150w, https:\/\/portalfloresnoar.com\/floresnoar\/wp-content\/uploads\/2013\/09\/Lair-Ribeiro-400x300.jpg 400w\" sizes=\"(max-width: 512px) 100vw, 512px\" \/><figcaption id=\"caption-attachment-11497\" class=\"wp-caption-text\">\u201cO corpo tem toda intelig\u00eancia que ele precisa para se auto curar\u201d (Lair Ribeiro)<\/figcaption><\/figure>\n<p>&nbsp;<\/p>\n<figure id=\"attachment_11498\" aria-describedby=\"caption-attachment-11498\" style=\"width: 512px\" class=\"wp-caption aligncenter\"><img decoding=\"async\" loading=\"lazy\" class=\" wp-image-11498\" alt=\"Phillipe Bobola\" src=\"http:\/\/portalfloresnoar.com\/floresnoar\/wp-content\/uploads\/2013\/09\/Phillipe-Bobola.jpg\" width=\"512\" height=\"384\" srcset=\"https:\/\/portalfloresnoar.com\/floresnoar\/wp-content\/uploads\/2013\/09\/Phillipe-Bobola.jpg 640w, https:\/\/portalfloresnoar.com\/floresnoar\/wp-content\/uploads\/2013\/09\/Phillipe-Bobola-300x225.jpg 300w, https:\/\/portalfloresnoar.com\/floresnoar\/wp-content\/uploads\/2013\/09\/Phillipe-Bobola-150x112.jpg 150w, https:\/\/portalfloresnoar.com\/floresnoar\/wp-content\/uploads\/2013\/09\/Phillipe-Bobola-400x300.jpg 400w\" sizes=\"(max-width: 512px) 100vw, 512px\" \/><figcaption id=\"caption-attachment-11498\" class=\"wp-caption-text\">\u201cO nosso corpo tem um campo material e vibracional que n\u00e3o s\u00e3o opostos, e sim complementares\u201d (Philippe Bobola)<\/figcaption><\/figure>\n<p>&nbsp;<\/p>\n<pre>*Luciana Rabelo \u00e9 editora do Portal Flores no Ar\r\n\u00a0Patr\u00edcia Mello \u00e9 psic\u00f3loga, arteterapeuta, colaboradora do Portal Flores no Ar<\/pre>\n<p>&nbsp;<\/p>\n","protected":false},"excerpt":{"rendered":"<p>Por Luciana Rabelo (com a colabora\u00e7\u00e3o de Pati Mello)* S\u00f3 de ouvir na manh\u00e3 de hoje (14) as palestras do psiquiatra cearense Adalberto Barreto e do holand\u00eas Robert Happ\u00e9 j\u00e1 valeu \u00e0 pena demais o segundo dia do Simp\u00f3sio de Sa\u00fade Qu\u00e2ntica e Qualidade de Vida. E o encerramento com Amit Goswami orientando sobre a [&hellip;]<\/p>\n","protected":false},"author":1,"featured_media":11499,"comment_status":"open","ping_status":"open","sticky":false,"template":"","format":"standard","meta":{"om_disable_all_campaigns":false,"_monsterinsights_skip_tracking":false,"_monsterinsights_sitenote_active":false,"_monsterinsights_sitenote_note":"","_monsterinsights_sitenote_category":0,"footnotes":""},"categories":[9],"tags":[25],"acf":[],"publishpress_future_action":{"enabled":false,"date":"1969-12-31 21:00:00","action":"","terms":[],"taxonomy":"","browser_timezone_offset":0},"_links":{"self":[{"href":"https:\/\/portalfloresnoar.com\/floresnoar\/wp-json\/wp\/v2\/posts\/11492"}],"collection":[{"href":"https:\/\/portalfloresnoar.com\/floresnoar\/wp-json\/wp\/v2\/posts"}],"about":[{"href":"https:\/\/portalfloresnoar.com\/floresnoar\/wp-json\/wp\/v2\/types\/post"}],"author":[{"embeddable":true,"href":"https:\/\/portalfloresnoar.com\/floresnoar\/wp-json\/wp\/v2\/users\/1"}],"replies":[{"embeddable":true,"href":"https:\/\/portalfloresnoar.com\/floresnoar\/wp-json\/wp\/v2\/comments?post=11492"}],"version-history":[{"count":0,"href":"https:\/\/portalfloresnoar.com\/floresnoar\/wp-json\/wp\/v2\/posts\/11492\/revisions"}],"wp:featuredmedia":[{"embeddable":true,"href":"https:\/\/portalfloresnoar.com\/floresnoar\/wp-json\/wp\/v2\/media\/11499"}],"wp:attachment":[{"href":"https:\/\/portalfloresnoar.com\/floresnoar\/wp-json\/wp\/v2\/media?parent=11492"}],"wp:term":[{"taxonomy":"category","embeddable":true,"href":"https:\/\/portalfloresnoar.com\/floresnoar\/wp-json\/wp\/v2\/categories?post=11492"},{"taxonomy":"post_tag","embeddable":true,"href":"https:\/\/portalfloresnoar.com\/floresnoar\/wp-json\/wp\/v2\/tags?post=11492"}],"curies":[{"name":"wp","href":"https:\/\/api.w.org\/{rel}","templated":true}]}}