

{"id":11120,"date":"2013-08-26T10:03:57","date_gmt":"2013-08-26T13:03:57","guid":{"rendered":"http:\/\/portalfloresnoar.com\/floresnoar\/?p=11120"},"modified":"2013-08-26T10:04:24","modified_gmt":"2013-08-26T13:04:24","slug":"os-principais-orgaos-internos-comandam-as-emocoes-e-a-mente","status":"publish","type":"post","link":"https:\/\/portalfloresnoar.com\/floresnoar\/os-principais-orgaos-internos-comandam-as-emocoes-e-a-mente\/","title":{"rendered":"Os principais \u00f3rg\u00e3os internos comandam as emo\u00e7\u00f5es e a mente"},"content":{"rendered":"<pre>Por Rodrigo Silveira (Herbalista, f\u00e3 do conhecimento oriental, criador do www.ervanarium.com.br e um dos coordenadores do<a href=\"www.lugarum.com.br\" target=\"_blank\"> LugarYincomum<\/a>, site de onde este texto foi reproduzido)<\/pre>\n<p>Os chineses descobriram, atrav\u00e9s de anos de observa\u00e7\u00e3o da natureza e dos fen\u00f4menos, que os 5 principais \u00f3rg\u00e3os vitais: Rins, Cora\u00e7\u00e3o, Pulm\u00f5es, F\u00edgado e Ba\u00e7o\/P\u00e2ncreas formam uma esp\u00e9cie de &#8220;conselho&#8221;que rege a maior parte das fun\u00e7\u00f5es humanas. Al\u00e9m de suas fun\u00e7\u00f5es conhecidas pela medicina ocidental, cada um destes \u00f3rg\u00e3os tem responsabilidade direta com uma infinidade de fun\u00e7\u00f5es e demais \u00f3rg\u00e3os do nosso corpo.<\/p>\n<p>Confira abaixo:<\/p>\n<p>RINS<br \/>\nAl\u00e9m de suas fun\u00e7\u00f5es biol\u00f3gicas de filtragem relacionadas \u00e0 excre\u00e7\u00e3o e ao bom funcionamento do sistema urin\u00e1rio, os rins s\u00e3o respons\u00e1veis pelas atividades cerebrais, pela disponibilidade da energia sexual, pela fertilidade, pela capacidade dos \u00f3rg\u00e3os internos se regenerarem, pelas medulas dos ossos, pela boa constitui\u00e7\u00e3o dos dentes, pela audi\u00e7\u00e3o, pelo metabolismo regular da \u00e1gua no corpo, pela sa\u00fade de ov\u00e1rios e test\u00edculos, pela for\u00e7a dos nossos cabelos, pela regi\u00e3o lombar, pelo funcionamento das suprarrenais, pela for\u00e7a das pernas e pelo controle dos orif\u00edcios de excre\u00e7\u00e3o, principalmente da uretra (o controle do \u00e2nus \u00e9 divido com o Ba\u00e7o!). Al\u00e9m disso, se voc\u00ea est\u00e1 ap\u00e1tico, com medo (principalmente sem motivo aparente), cansado demais (dorme e n\u00e3o se recupera), sofre de doen\u00e7as neurol\u00f3gicas, impot\u00eancia ou frigidez ou ainda acorda com olheiras pretas debaixo dos olhos, isso s\u00e3o sinais de que seus rins n\u00e3o v\u00e3o bem.<\/p>\n<p>F\u00cdGADO<br \/>\nEste \u00f3rg\u00e3o j\u00e1 tem um n\u00famero muito grande de fun\u00e7\u00f5es j\u00e1 catalogadas pela medicina ocidental, mas se formos coloc\u00e1-lo sob a lupa dos chineses a lista fica realmente interessante. Al\u00e9m de ajudar a coordenar a digest\u00e3o, armazenar sangue, metaboliza\u00e7\u00e3o de in\u00fameras subst\u00e2ncias e auxiliar na elimina\u00e7\u00e3o de dejetos (atrav\u00e9s do efeito lubrificante da bile), o F\u00edgado tamb\u00e9m governa a ves\u00edcula biliar, garganta (em parceria com o cora\u00e7\u00e3o), a vis\u00e3o (N\u00e3o quer usar \u00f3culos? Seja bonzinho com o F\u00edgado!) e os olhos (sabe aquele ter\u00e7ol no dia do casamento?), o crescimento de unhas e dos cabelos, o equil\u00edbrio do ritmo menstrual, a qualidade do sangue e governa os tend\u00f5es e m\u00fasculos (este \u00faltimo em parceria com o Ba\u00e7o). Se o seu F\u00edgado n\u00e3o vai bem, al\u00e9m dos sinais de ressaca j\u00e1 conhecidos, voc\u00ea poder\u00e1 manifestar raiva, ci\u00fame, depress\u00e3o, prostra\u00e7\u00e3o, cansa\u00e7o extremo (que n\u00e3o melhora com o sono), fome constante, dores de cabe\u00e7a abismais ou mesmo enxaqueca. Se na lateral do rosto ou debaixo dos olhos voc\u00ea apresentar um tom esverdeado isso \u00e9 um sinal claro que seu F\u00edgado est\u00e1 pedindo ajuda!<\/p>\n<p>CORA\u00c7\u00c3O<br \/>\nO mais nobre dos \u00f3rg\u00e3os, sede da alma e trabalhador incans\u00e1vel (se bem cuidado, \u00e9 certo!) tem fun\u00e7\u00f5es bem conhecidas da medicina ocidental. \u00c9 respons\u00e1vel pelo bombeamento de sangue por todos os vasos, possibilitando que o oxig\u00eanio vital chegue a todas as c\u00e9lulas. N\u00e3o \u00e9 pouco, mas quem dera fosse s\u00f3 isso o que nosso querido cora\u00e7\u00e3o precisa fazer.<br \/>\nOs chineses descobriram que o sangue \u00e9 formado no cora\u00e7\u00e3o (e nas medulas vermelhas que s\u00e3o regidas por este \u00f3rg\u00e3o). Al\u00e9m disso, ele \u00e9 a morada da Mente que n\u00e3o habita o c\u00e9rebro, mas apenas \u00e9 RECONHECIDA nele! \u00c9 a sede da intelig\u00eancia, do esp\u00edrito (nas mais abrangentes acep\u00e7\u00f5es que esta palavra pode albergar), governa a l\u00edngua, garganta e o sentido do paladar, o funcionamento do intestino delgado, al\u00e9m das emo\u00e7\u00f5es da alegria, generosidade e a virtude da paci\u00eancia.<br \/>\nSe voc\u00ea estiver ansioso, impaciente, agressivo, com o sono inquieto, com pesadelos frequentes ou com o rosto muito vermelho ou ainda falando pelos cotovelos deve dar uma aten\u00e7\u00e3o especial ao cora\u00e7\u00e3o.<\/p>\n<p>BA\u00c7O\/P\u00c2NCREAS<br \/>\nPois \u00e9, os chineses entendem que estes dois \u00f3rg\u00e3os formam uma unidade ainda que esta vis\u00e3o n\u00e3o \u00e9 compartilhada (de maneira geral) no ocidente. Esta dupla trabalha para eliminar as organelas defeituosas do sangue, regular a produ\u00e7\u00e3o de insulina e outros horm\u00f4nios e enzimas fundamentais ao funcionamento do organismo, produ\u00e7\u00e3o do sangue e produ\u00e7\u00e3o de leuc\u00f3citos (anticorpos). Mas acreditem, ainda tem mais! O Ba\u00e7o\/P\u00e2ncreas \u00e9 diretamente respons\u00e1vel pela digest\u00e3o. Estes \u00f3rg\u00e3os governam o est\u00f4mago (que sem sua energia n\u00e3o poderia processar a parte que lhe cabe na digest\u00e3o) e seu bom funcionamento. Tamb\u00e9m s\u00e3o respons\u00e1veis pelo bom estado dos vasos sangu\u00edneos (varizes s\u00e3o um sinal inequ\u00edvoco que estes \u00f3rg\u00e3os n\u00e3o v\u00e3o nada bem&#8230;). A dupla \u00e9 respons\u00e1vel pela energia que mant\u00e9m todos os \u00f3rg\u00e3os internos em seu devido lugar. Prolapsos comuns como de \u00fatero e bexiga tem rela\u00e7\u00e3o direta com mau funcionamento da dupla. Problemas nos esf\u00edncteres do corpo tamb\u00e9m (sabe a hemorroida?). Os m\u00fasculos s\u00e3o regidos por estes \u00f3rg\u00e3os e o sentido do tato e diversos processos de transporte e transforma\u00e7\u00e3o de subst\u00e2ncias, as mais diversas, no organismo. Sabemos que precisamos dar muito amor e aten\u00e7\u00e3o a estes dois bravos \u00f3rg\u00e3os quando estamos preocupados, reflexivos e loucos por consumir a\u00e7\u00facar!<\/p>\n<p>PULM\u00d5ES<br \/>\nA vida aqui na Terra come\u00e7a, para muitos com um tapa no bumbum e com o ar entrando pelos pulm\u00f5es. Esses \u00f3rg\u00e3os incr\u00edveis fazem a troca gasosa que permite nosso corpo se abastecer de oxig\u00eanio, o combust\u00edvel b\u00e1sico de todas as fun\u00e7\u00f5es energ\u00e9ticas do organismo. Mas, al\u00e9m disso, os chineses contam que os pulm\u00f5es s\u00e3o respons\u00e1veis pelo bom funcionamento de TODO nosso sistema imunol\u00f3gico, pela qualidade da pele e do intestino grosso, as vias a\u00e9reas, nariz, o sentido do olfato e boa parte de nossa vitalidade (junto com o Ba\u00e7o\/P\u00e2ncreas)! Quando o Pulm\u00e3o n\u00e3o vai bem a respira\u00e7\u00e3o fica curta, podemos ter tosse (se for seca de origem hep\u00e1tica, se for &#8220;fofa&#8221; indica acumulo de l\u00edquidos), adoecemos com frequ\u00eancia e a pele fica seca. Podemos nos encontrar tristes, depressivos e melanc\u00f3licos. Um dos maiores pecados contra este \u00f3rg\u00e3o \u00e9 o h\u00e1bito de fumar. Exerc\u00edcios respirat\u00f3rios ajudam a fortalecer os pulm\u00f5es e aumentam a vitalidade e a tranquilidade.<\/p>\n<p>OS \u00d3RG\u00c3OS INTERNOS N\u00c3O T\u00caM BOCA PARA FALAR!<br \/>\nAssim, a forma que eles t\u00eam de se comunicarem conosco s\u00e3o atrav\u00e9s dos inc\u00f4modos de sa\u00fade que, se n\u00e3o forem ouvidos, acabam virando uma doen\u00e7a.<br \/>\nA outra maneira \u00e9 atrav\u00e9s das emo\u00e7\u00f5es que sentimos.<br \/>\nVoc\u00ea s\u00f3 sente alegre por que seu cora\u00e7\u00e3o est\u00e1 bem.<br \/>\nS\u00f3 sente paz porque os Rins est\u00e3o fortes.<br \/>\nS\u00f3 expressa bondade se o F\u00edgado permitir.<br \/>\nS\u00f3 consegue ter f\u00e9 e confian\u00e7a na vida com pulm\u00f5es fortes.<br \/>\nS\u00f3 sente que a vida \u00e9 boa e que tudo est\u00e1 em seu lugar (gra\u00e7as \u00e0 Deus!) por que o Ba\u00e7o e o P\u00e2ncreas tamb\u00e9m est\u00e3o felizes.<br \/>\nAfinal, qual seria a raz\u00e3o para acordarmos de manh\u00e3 cedo j\u00e1 desanimados, tristes ou mesmo zangados?<br \/>\nPois os chineses observaram tudo isso e decodificaram os sinais emitidos pelos \u00f3rg\u00e3os internos.<\/p>\n<p>Agora podemos saber o que est\u00e1 acontecendo conosco e assim podemos agir dando aos nossos \u00f3rg\u00e3os internos aquilo que eles precisam para cuidar de nosso bem-estar!<\/p>\n","protected":false},"excerpt":{"rendered":"<p>Por Rodrigo Silveira (Herbalista, f\u00e3 do conhecimento oriental, criador do www.ervanarium.com.br e um dos coordenadores do LugarYincomum, site de onde este texto foi reproduzido) Os chineses descobriram, atrav\u00e9s de anos de observa\u00e7\u00e3o da natureza e dos fen\u00f4menos, que os 5 principais \u00f3rg\u00e3os vitais: Rins, Cora\u00e7\u00e3o, Pulm\u00f5es, F\u00edgado e Ba\u00e7o\/P\u00e2ncreas formam uma esp\u00e9cie de &#8220;conselho&#8221;que rege [&hellip;]<\/p>\n","protected":false},"author":1,"featured_media":11121,"comment_status":"open","ping_status":"open","sticky":false,"template":"","format":"standard","meta":{"om_disable_all_campaigns":false,"_monsterinsights_skip_tracking":false,"_monsterinsights_sitenote_active":false,"_monsterinsights_sitenote_note":"","_monsterinsights_sitenote_category":0,"footnotes":""},"categories":[10],"tags":[27],"acf":[],"publishpress_future_action":{"enabled":false,"date":"1969-12-31 21:00:00","action":"","terms":[],"taxonomy":"","browser_timezone_offset":0},"_links":{"self":[{"href":"https:\/\/portalfloresnoar.com\/floresnoar\/wp-json\/wp\/v2\/posts\/11120"}],"collection":[{"href":"https:\/\/portalfloresnoar.com\/floresnoar\/wp-json\/wp\/v2\/posts"}],"about":[{"href":"https:\/\/portalfloresnoar.com\/floresnoar\/wp-json\/wp\/v2\/types\/post"}],"author":[{"embeddable":true,"href":"https:\/\/portalfloresnoar.com\/floresnoar\/wp-json\/wp\/v2\/users\/1"}],"replies":[{"embeddable":true,"href":"https:\/\/portalfloresnoar.com\/floresnoar\/wp-json\/wp\/v2\/comments?post=11120"}],"version-history":[{"count":0,"href":"https:\/\/portalfloresnoar.com\/floresnoar\/wp-json\/wp\/v2\/posts\/11120\/revisions"}],"wp:featuredmedia":[{"embeddable":true,"href":"https:\/\/portalfloresnoar.com\/floresnoar\/wp-json\/wp\/v2\/media\/11121"}],"wp:attachment":[{"href":"https:\/\/portalfloresnoar.com\/floresnoar\/wp-json\/wp\/v2\/media?parent=11120"}],"wp:term":[{"taxonomy":"category","embeddable":true,"href":"https:\/\/portalfloresnoar.com\/floresnoar\/wp-json\/wp\/v2\/categories?post=11120"},{"taxonomy":"post_tag","embeddable":true,"href":"https:\/\/portalfloresnoar.com\/floresnoar\/wp-json\/wp\/v2\/tags?post=11120"}],"curies":[{"name":"wp","href":"https:\/\/api.w.org\/{rel}","templated":true}]}}