

{"id":1091,"date":"2012-07-12T21:57:32","date_gmt":"2012-07-13T00:57:32","guid":{"rendered":"http:\/\/portalfloresnoar.hospedagemdesites.ws\/floresnoar\/?p=1091"},"modified":"2014-09-24T18:42:39","modified_gmt":"2014-09-24T21:42:39","slug":"cursoos-planetas-as-estrelas-o-cosmo-e-o-individuo-na-visao-da-mitologia-vedica-dias-11-e-12-de-agosto","status":"publish","type":"post","link":"https:\/\/portalfloresnoar.com\/floresnoar\/cursoos-planetas-as-estrelas-o-cosmo-e-o-individuo-na-visao-da-mitologia-vedica-dias-11-e-12-de-agosto\/","title":{"rendered":"Curso:&#8221;Os Planetas, as Estrelas, o Cosmo e o Indiv\u00edduo na Vis\u00e3o da Mitologia V\u00e9dica&#8221;, dias 11 e 12 de agosto"},"content":{"rendered":"<p>Patrick Lammeren &#8211; professor de mitologia hindu, s\u00e2nscrito e Vedanta do Centro de Estudos Vidya Mandir(RJ) &#8211; estar\u00e1 no Recife nos dias 11 e 12 de agosto, onde ministrar\u00e1 o curso:&#8221;Os Planetas, as Estrelas, o Cosmo e o Indiv\u00edduo na Vis\u00e3o da Mitologia V\u00e9dica&#8221;.<\/p>\n<p>A programa\u00e7\u00e3o abordar\u00e1 o mito dos planetas, a consci\u00eancia que cada um revela para o indiv\u00edduo e a influ\u00eancia para vida, a Vis\u00e3o C\u00f3smica e a expans\u00e3o da consci\u00eancia individual como participante desse todo.<\/p>\n<p>Haver\u00e1 uma pequena Puja no hor\u00e1rio final do s\u00e1bado. Puja \u00e9 um ritual de oferecimento e um pedido de ben\u00e7\u00e3o para a deidade a quem \u00e9 oferecido, no nosso caso ser\u00e1 Ganesha, aquele que retira os obst\u00e1culos, entre outras qualidades.<\/p>\n<p>Valor do Curso: R$ 220,00<\/p>\n<p>Hor\u00e1rio<br \/>\nS\u00e1bado: 9h \u00e0s 12h 3 15h \u00e0s 18h<br \/>\nDomingo: 9h \u00e0s 12h<\/p>\n<p>Os interessados devem entrar em contato pelo telefone:<br \/>\n(81) 3241-4882 -Espa\u00e7o TeSer &#8211; Etiene<\/p>\n<p><span style=\"color: #ffffff;\">&#8211;<\/span><br \/>\n<span style=\"color: #ffffff;\"> &#8211;<\/span><br \/>\n<script type=\"text\/javascript\">\/\/ <![CDATA[\ngoogle_ad_client = \"ca-pub-6774921656048980\"; \/* banner normal *\/ google_ad_slot = \"2987505043\"; google_ad_width = 468; google_ad_height = 60;\n\/\/ ]]><\/script><br \/>\n<script type=\"text\/javascript\" src=\"http:\/\/pagead2.googlesyndication.com\/pagead\/show_ads.js\">\/\/ <![CDATA[\n\n\/\/ ]]><\/script><\/p>\n","protected":false},"excerpt":{"rendered":"<p>Patrick Lammeren &#8211; professor de mitologia hindu, s\u00e2nscrito e Vedanta do Centro de Estudos Vidya Mandir(RJ) &#8211; estar\u00e1 no Recife nos dias 11 e 12 de agosto, onde ministrar\u00e1 o curso:&#8221;Os Planetas, as Estrelas, o Cosmo e o Indiv\u00edduo na Vis\u00e3o da Mitologia V\u00e9dica&#8221;. A programa\u00e7\u00e3o abordar\u00e1 o mito dos planetas, a consci\u00eancia que cada [&hellip;]<\/p>\n","protected":false},"author":1,"featured_media":1092,"comment_status":"open","ping_status":"open","sticky":false,"template":"","format":"standard","meta":{"om_disable_all_campaigns":false,"_monsterinsights_skip_tracking":false,"_monsterinsights_sitenote_active":false,"_monsterinsights_sitenote_note":"","_monsterinsights_sitenote_category":0,"footnotes":""},"categories":[8,214],"tags":[76,77],"acf":[],"publishpress_future_action":{"enabled":false,"date":"1969-12-31 21:00:00","action":"","terms":[],"taxonomy":"","browser_timezone_offset":0},"_links":{"self":[{"href":"https:\/\/portalfloresnoar.com\/floresnoar\/wp-json\/wp\/v2\/posts\/1091"}],"collection":[{"href":"https:\/\/portalfloresnoar.com\/floresnoar\/wp-json\/wp\/v2\/posts"}],"about":[{"href":"https:\/\/portalfloresnoar.com\/floresnoar\/wp-json\/wp\/v2\/types\/post"}],"author":[{"embeddable":true,"href":"https:\/\/portalfloresnoar.com\/floresnoar\/wp-json\/wp\/v2\/users\/1"}],"replies":[{"embeddable":true,"href":"https:\/\/portalfloresnoar.com\/floresnoar\/wp-json\/wp\/v2\/comments?post=1091"}],"version-history":[{"count":0,"href":"https:\/\/portalfloresnoar.com\/floresnoar\/wp-json\/wp\/v2\/posts\/1091\/revisions"}],"wp:featuredmedia":[{"embeddable":true,"href":"https:\/\/portalfloresnoar.com\/floresnoar\/wp-json\/wp\/v2\/media\/1092"}],"wp:attachment":[{"href":"https:\/\/portalfloresnoar.com\/floresnoar\/wp-json\/wp\/v2\/media?parent=1091"}],"wp:term":[{"taxonomy":"category","embeddable":true,"href":"https:\/\/portalfloresnoar.com\/floresnoar\/wp-json\/wp\/v2\/categories?post=1091"},{"taxonomy":"post_tag","embeddable":true,"href":"https:\/\/portalfloresnoar.com\/floresnoar\/wp-json\/wp\/v2\/tags?post=1091"}],"curies":[{"name":"wp","href":"https:\/\/api.w.org\/{rel}","templated":true}]}}