

{"id":1044,"date":"2012-07-05T11:43:58","date_gmt":"2012-07-05T14:43:58","guid":{"rendered":"http:\/\/portalfloresnoar.hospedagemdesites.ws\/floresnoar\/?p=1044"},"modified":"2014-09-24T18:43:08","modified_gmt":"2014-09-24T21:43:08","slug":"biodanca-em-aldeia-dia-14-de-julho","status":"publish","type":"post","link":"https:\/\/portalfloresnoar.com\/floresnoar\/biodanca-em-aldeia-dia-14-de-julho\/","title":{"rendered":"Biodan\u00e7a em Aldeia, dia 11 de agosto"},"content":{"rendered":"<p><a href=\"http:\/\/portalfloresnoar.hospedagemdesites.ws\/floresnoar\/biodanca-em-aldeia-dia-14-de-julho\/aula38-roda-de-embalo-1\/\" rel=\"attachment wp-att-1045\"><img decoding=\"async\" loading=\"lazy\" class=\"alignleft size-medium wp-image-1045\" title=\"biodan\u00e7a em aldeia\/PE\" src=\"http:\/\/portalfloresnoar.hospedagemdesites.ws\/floresnoar\/wp-content\/uploads\/2012\/07\/aula38-Roda-de-embalo-1-300x241.jpg\" alt=\"\" width=\"300\" height=\"241\" srcset=\"https:\/\/portalfloresnoar.com\/floresnoar\/wp-content\/uploads\/2012\/07\/aula38-Roda-de-embalo-1-300x241.jpg 300w, https:\/\/portalfloresnoar.com\/floresnoar\/wp-content\/uploads\/2012\/07\/aula38-Roda-de-embalo-1.jpg 320w\" sizes=\"(max-width: 300px) 100vw, 300px\" \/><\/a>A Ch\u00e1cara Esmeralda, localizada no Km 8,2 de Aldeia, realiza no dia 11 de agosto mais um grupo de Biodan\u00e7a, focalizado pelo terapeuta hol\u00edstico e facilitador de Biodan\u00e7a Roberto Pagano. O grupo se re\u00fane um s\u00e1bado por m\u00eas, das 9h \u00e0s 17h, e o investimento \u00e9 de R$ 80,00 por encontro, sendo que o primeiro dia \u00e9 gratuito.<\/p>\n<p>De acordo com Pagano, a Biodan\u00e7a \u00e9 um trabalho realizado em grupo que estimula o aprendizado da comunica\u00e7\u00e3o, do cuidado e da coopera\u00e7\u00e3o, o que leva as pessoas a se relacionarem melhor e estabelecer v\u00ednculos afetivos. A pr\u00e1tica estimula a renova\u00e7\u00e3o e equil\u00edbrio org\u00e2nico, a resist\u00eancia imunol\u00f3gica, a energia vital e disposi\u00e7\u00e3o para a a\u00e7\u00e3o, substituindo o estresse pela harmonia.<\/p>\n<p>\u201cPraticar Biodan\u00e7a \u00e9 um convite a viver a vida com mais plenitude, harmonia, prazer e sensibilidade. Mudan\u00e7as fundamentais ocorrem na forma de ver, viver e sentir a vida, produzindo mais sa\u00fade, felicidade e coragem de viver. \u00c9 um espa\u00e7o onde se acolhe e se respeita a pessoa como ela est\u00e1. N\u00e3o importa saber dan\u00e7ar, porque a Biodan\u00e7a \u00e9 movimento pleno de sentido e n\u00e3o dan\u00e7a coreogr\u00e1fica. Cada um se expressa e aprende atrav\u00e9s do movimento dentro dos limites de sua capacidade e desejo\u201d, explica Pagano.<\/p>\n<p><strong>Alguns benef\u00edcios da Biodan\u00e7a:<\/strong><br \/>\n&#8211; Revitaliza todo o organismo<br \/>\n&#8211; Combate o estresse e ins\u00f4nia<br \/>\n&#8211; Antidepressivo<br \/>\n&#8211; Fortalece o Sistema Imunol\u00f3gico<br \/>\n&#8211; Equilibra sistema neuroend\u00f3crino<br \/>\n&#8211; Restabelece as fun\u00e7\u00f5es sexuais<br \/>\n&#8211; Eleva a autoestima<br \/>\n&#8211; Promove assertividade e criatividade<\/p>\n<p>Roberto Pagano \u00e9 pratica Biodan\u00e7a desde 2000, licenciado como facilitador pela IBF \u2013 International Biocentric Fundation (2006) com especializa\u00e7\u00e3o nas extens\u00f5es \u201cArvore do Desejo\u201d (2007) e \u201cProjeto Minotauro\u201d (2009). Em 2010 criou o \u201cRetorno de Afrodite\u201d, em parceria com Goretti Melo, um trabalho de integra\u00e7\u00e3o do amor, sexualidade e espiritualidade. Tamb\u00e9m \u00e9 professor de Reiki e terapeuta de Frequ\u00eancia de Brilho.<\/p>\n<p>SERVI\u00c7O<br \/>\nBIODAN\u00c7A EM ALDEIA<br \/>\nDatas: \u00a011\/08, 01\/09, 06\/10, 03\/11, 01\/12<br \/>\nHor\u00e1rio: 09h \u00e0s 17h<br \/>\nInvestimento: R$ 80,00 por encontro (primeiro encontro gratuito)<br \/>\nLocal: Ch\u00e1cara Esmeralda, Estrada de Aldeia, km 8,2 \u2013 Aldeia &#8211; PE<br \/>\nInscri\u00e7\u00f5es e Informa\u00e7\u00f5es: 8899.8261<br \/>\nrobertopaganoluz@gmail.com<br \/>\nbiodanza-robertopagano.blogspot.com.br<\/p>\n<p><a href=\"http:\/\/portalfloresnoar.hospedagemdesites.ws\/floresnoar\/biodanca-em-aldeia-dia-14-de-julho\/roteiro-chacara\/\" rel=\"attachment wp-att-1046\"><img decoding=\"async\" loading=\"lazy\" class=\"aligncenter size-full wp-image-1046\" title=\"Roteiro Ch\u00e1cara Esmeralda\" src=\"http:\/\/portalfloresnoar.hospedagemdesites.ws\/floresnoar\/wp-content\/uploads\/2012\/07\/Roteiro-Chacara.png\" alt=\"\" width=\"665\" height=\"473\" srcset=\"https:\/\/portalfloresnoar.com\/floresnoar\/wp-content\/uploads\/2012\/07\/Roteiro-Chacara.png 665w, https:\/\/portalfloresnoar.com\/floresnoar\/wp-content\/uploads\/2012\/07\/Roteiro-Chacara-300x213.png 300w\" sizes=\"(max-width: 665px) 100vw, 665px\" \/><\/a><\/p>\n<p><span style=\"color: #ffffff;\">&#8211;<\/span><br \/>\n<span style=\"color: #ffffff;\"> &#8211;<\/span><br \/>\n<script type=\"text\/javascript\"><!--\ngoogle_ad_client = \"ca-pub-6774921656048980\";\n\/* banner normal *\/\ngoogle_ad_slot = \"2987505043\";\ngoogle_ad_width = 468;\ngoogle_ad_height = 60;\n\/\/-->\n<\/script><br \/>\n<script type=\"text\/javascript\"\nsrc=\"http:\/\/pagead2.googlesyndication.com\/pagead\/show_ads.js\">\n<\/script><\/p>\n","protected":false},"excerpt":{"rendered":"<p>A Ch\u00e1cara Esmeralda, localizada no Km 8,2 de Aldeia, realiza no dia 11 de agosto mais um grupo de Biodan\u00e7a, focalizado pelo terapeuta hol\u00edstico e facilitador de Biodan\u00e7a Roberto Pagano. O grupo se re\u00fane um s\u00e1bado por m\u00eas, das 9h \u00e0s 17h, e o investimento \u00e9 de R$ 80,00 por encontro, sendo que o primeiro [&hellip;]<\/p>\n","protected":false},"author":1,"featured_media":1047,"comment_status":"open","ping_status":"open","sticky":false,"template":"","format":"standard","meta":{"om_disable_all_campaigns":false,"_monsterinsights_skip_tracking":false,"_monsterinsights_sitenote_active":false,"_monsterinsights_sitenote_note":"","_monsterinsights_sitenote_category":0,"footnotes":""},"categories":[8,214],"tags":[66],"acf":[],"publishpress_future_action":{"enabled":false,"date":"1969-12-31 21:00:00","action":"","terms":[],"taxonomy":"","browser_timezone_offset":0},"_links":{"self":[{"href":"https:\/\/portalfloresnoar.com\/floresnoar\/wp-json\/wp\/v2\/posts\/1044"}],"collection":[{"href":"https:\/\/portalfloresnoar.com\/floresnoar\/wp-json\/wp\/v2\/posts"}],"about":[{"href":"https:\/\/portalfloresnoar.com\/floresnoar\/wp-json\/wp\/v2\/types\/post"}],"author":[{"embeddable":true,"href":"https:\/\/portalfloresnoar.com\/floresnoar\/wp-json\/wp\/v2\/users\/1"}],"replies":[{"embeddable":true,"href":"https:\/\/portalfloresnoar.com\/floresnoar\/wp-json\/wp\/v2\/comments?post=1044"}],"version-history":[{"count":0,"href":"https:\/\/portalfloresnoar.com\/floresnoar\/wp-json\/wp\/v2\/posts\/1044\/revisions"}],"wp:featuredmedia":[{"embeddable":true,"href":"https:\/\/portalfloresnoar.com\/floresnoar\/wp-json\/wp\/v2\/media\/1047"}],"wp:attachment":[{"href":"https:\/\/portalfloresnoar.com\/floresnoar\/wp-json\/wp\/v2\/media?parent=1044"}],"wp:term":[{"taxonomy":"category","embeddable":true,"href":"https:\/\/portalfloresnoar.com\/floresnoar\/wp-json\/wp\/v2\/categories?post=1044"},{"taxonomy":"post_tag","embeddable":true,"href":"https:\/\/portalfloresnoar.com\/floresnoar\/wp-json\/wp\/v2\/tags?post=1044"}],"curies":[{"name":"wp","href":"https:\/\/api.w.org\/{rel}","templated":true}]}}