

{"id":10397,"date":"2016-01-05T08:07:54","date_gmt":"2016-01-05T11:07:54","guid":{"rendered":"http:\/\/portalfloresnoar.com\/floresnoar\/?p=10397"},"modified":"2017-01-13T12:09:10","modified_gmt":"2017-01-13T15:09:10","slug":"espaco-gerar-oferece-salas-sub-locar","status":"publish","type":"post","link":"https:\/\/portalfloresnoar.com\/floresnoar\/espaco-gerar-oferece-salas-sub-locar\/","title":{"rendered":"[AGENDA PE] Espa\u00e7o Gerar oferece salas para aluguel e sub-loca\u00e7\u00e3o"},"content":{"rendered":"<p><img decoding=\"async\" loading=\"lazy\" class=\"alignleft\" alt=\"1\" src=\"http:\/\/portalfloresnoar.com\/floresnoar\/wp-content\/uploads\/2013\/07\/1.jpg\" width=\"280\" height=\"373\" \/><\/p>\n<p>O Gerar Arteterapia e Bem-Estar, localizado no bairro de Casa-Forte, oferece salas para aluguel e sub-loca\u00e7\u00e3o, voltadas para profissionais de sa\u00fade que desejem um espa\u00e7o com infra-estrutura adequada e servi\u00e7os de secretaria e assessoria de comunica\u00e7\u00e3o.<\/p>\n<p><span style=\"line-height: 1.714285714; letter-spacing: 0em;\"><strong>Mais informa\u00e7\u00f5es<\/strong>: (81) 3268-1749<\/span><\/p>\n<p><strong>Gerar Arteterapia e Bem-Estar<\/strong> &#8211; Rua Jorge de Albuquerque, 103, Casa Forte, Recife\/PE.<\/p>\n<p><a href=\"http:\/\/www.gerararteterapiaebemestar.com\/\" target=\"_blank\">http:\/\/www.gerararteterapiaebemestar.com\/<\/a><\/p>\n<p>&nbsp;<\/p>\n<p>&nbsp;<\/p>\n<p>&nbsp;<\/p>\n<p>&nbsp;<\/p>\n<p>&nbsp;<\/p>\n<p>&nbsp;<\/p>\n<p>Confira abaixo mais fotos do Gerar:<\/p>\n<p style=\"text-align: center;\"><img decoding=\"async\" loading=\"lazy\" class=\"aligncenter  wp-image-10394\" alt=\"4\" src=\"http:\/\/portalfloresnoar.com\/floresnoar\/wp-content\/uploads\/2013\/07\/4.jpg\" width=\"435\" height=\"581\" \/><\/p>\n<p style=\"text-align: center;\"><img decoding=\"async\" loading=\"lazy\" class=\"aligncenter  wp-image-10395\" alt=\"5\" src=\"http:\/\/portalfloresnoar.com\/floresnoar\/wp-content\/uploads\/2013\/07\/5.jpg\" width=\"598\" height=\"448\" \/><\/p>\n<p style=\"text-align: center;\"><img decoding=\"async\" loading=\"lazy\" class=\"aligncenter  wp-image-10396\" alt=\"6\" src=\"http:\/\/portalfloresnoar.com\/floresnoar\/wp-content\/uploads\/2013\/07\/6.jpg\" width=\"598\" height=\"448\" \/><\/p>\n<p style=\"text-align: center;\"><img decoding=\"async\" loading=\"lazy\" class=\"aligncenter  wp-image-10393\" alt=\"3\" src=\"http:\/\/portalfloresnoar.com\/floresnoar\/wp-content\/uploads\/2013\/07\/3.jpg\" width=\"581\" height=\"436\" \/><\/p>\n<p style=\"text-align: center;\"><img decoding=\"async\" loading=\"lazy\" class=\"aligncenter  wp-image-10392\" alt=\"2\" src=\"http:\/\/portalfloresnoar.com\/floresnoar\/wp-content\/uploads\/2013\/07\/2.jpg\" width=\"588\" height=\"442\" \/><\/p>\n<p>&nbsp;<\/p>\n","protected":false},"excerpt":{"rendered":"<p>O Gerar Arteterapia e Bem-Estar, localizado no bairro de Casa-Forte, oferece salas para aluguel e sub-loca\u00e7\u00e3o, voltadas para profissionais de sa\u00fade que desejem um espa\u00e7o com infra-estrutura adequada e servi\u00e7os de secretaria e assessoria de comunica\u00e7\u00e3o. Mais informa\u00e7\u00f5es: (81) 3268-1749 Gerar Arteterapia e Bem-Estar &#8211; Rua Jorge de Albuquerque, 103, Casa Forte, Recife\/PE. http:\/\/www.gerararteterapiaebemestar.com\/ &nbsp; [&hellip;]<\/p>\n","protected":false},"author":1,"featured_media":20456,"comment_status":"open","ping_status":"open","sticky":false,"template":"","format":"standard","meta":{"om_disable_all_campaigns":false,"_monsterinsights_skip_tracking":false,"_monsterinsights_sitenote_active":false,"_monsterinsights_sitenote_note":"","_monsterinsights_sitenote_category":0,"footnotes":""},"categories":[8,224,214],"tags":[243],"acf":[],"publishpress_future_action":{"enabled":false,"date":"1969-12-31 21:00:00","action":"","terms":[],"taxonomy":"","browser_timezone_offset":0},"_links":{"self":[{"href":"https:\/\/portalfloresnoar.com\/floresnoar\/wp-json\/wp\/v2\/posts\/10397"}],"collection":[{"href":"https:\/\/portalfloresnoar.com\/floresnoar\/wp-json\/wp\/v2\/posts"}],"about":[{"href":"https:\/\/portalfloresnoar.com\/floresnoar\/wp-json\/wp\/v2\/types\/post"}],"author":[{"embeddable":true,"href":"https:\/\/portalfloresnoar.com\/floresnoar\/wp-json\/wp\/v2\/users\/1"}],"replies":[{"embeddable":true,"href":"https:\/\/portalfloresnoar.com\/floresnoar\/wp-json\/wp\/v2\/comments?post=10397"}],"version-history":[{"count":0,"href":"https:\/\/portalfloresnoar.com\/floresnoar\/wp-json\/wp\/v2\/posts\/10397\/revisions"}],"wp:featuredmedia":[{"embeddable":true,"href":"https:\/\/portalfloresnoar.com\/floresnoar\/wp-json\/wp\/v2\/media\/20456"}],"wp:attachment":[{"href":"https:\/\/portalfloresnoar.com\/floresnoar\/wp-json\/wp\/v2\/media?parent=10397"}],"wp:term":[{"taxonomy":"category","embeddable":true,"href":"https:\/\/portalfloresnoar.com\/floresnoar\/wp-json\/wp\/v2\/categories?post=10397"},{"taxonomy":"post_tag","embeddable":true,"href":"https:\/\/portalfloresnoar.com\/floresnoar\/wp-json\/wp\/v2\/tags?post=10397"}],"curies":[{"name":"wp","href":"https:\/\/api.w.org\/{rel}","templated":true}]}}