

{"id":1023,"date":"2012-07-31T08:02:59","date_gmt":"2012-07-31T11:02:59","guid":{"rendered":"http:\/\/portalfloresnoar.hospedagemdesites.ws\/floresnoar\/?p=1023"},"modified":"2012-08-05T11:40:30","modified_gmt":"2012-08-05T14:40:30","slug":"entrevista-com-lorena-kim-richter-especialista-em-jung-que-estara-no-recife-ministrando-curso-dia-31-de-agosto-e-1-de-setembro","status":"publish","type":"post","link":"https:\/\/portalfloresnoar.com\/floresnoar\/entrevista-com-lorena-kim-richter-especialista-em-jung-que-estara-no-recife-ministrando-curso-dia-31-de-agosto-e-1-de-setembro\/","title":{"rendered":"Entrevista com Lorena Kim Richter, especialista em Jung que estar\u00e1 no Recife ministrando curso dia 31 de agosto e 1 de setembro"},"content":{"rendered":"<p><em><a href=\"http:\/\/portalfloresnoar.hospedagemdesites.ws\/floresnoar\/entrevista-com-lorena-kim-richter-especialista-em-jung-que-estara-no-recife-ministrando-curso-dia-31-de-agosto-e-1-de-setembro\/lorena-2\/\" rel=\"attachment wp-att-1025\"><img decoding=\"async\" loading=\"lazy\" class=\"alignleft size-full wp-image-1025\" title=\"lorena kim richter\" src=\"http:\/\/portalfloresnoar.hospedagemdesites.ws\/floresnoar\/wp-content\/uploads\/2012\/07\/lorena1.png\" alt=\"\" width=\"219\" height=\"290\" \/><\/a>A psic\u00f3loga junguiana Lorena Kim Ritchter estar\u00e1 no Recife nos dias 31 de agosto e 1 de setembro, ministrando o <a href=\"http:\/\/portalfloresnoar.hospedagemdesites.ws\/floresnoar\/?p=627\">mini-curso \u2018Alquimia Junguiana: o universo alqu\u00edmico e a arte cl\u00ednica\u2019<\/a>, no Lumen Novum, em Casa Forte. Conversamos com Lorena para conhecer melhor o trabalho dela. Confira na entrevista abaixo:<\/em><\/p>\n<p><strong>1.Quem \u00e9 Lorena Kim Richter (breve perfil profissional)?<\/strong><\/p>\n<p>Sou psic\u00f3loga cl\u00ednica junguiana, mestre em psicologia cl\u00ednica pela PUC-RIO. Trabalho em consult\u00f3rio particular e sou professora convidada da P\u00f3s Gradua\u00e7\u00e3o Teoria e Pr\u00e1tica Junguiana ( Universidade Veiga de Almeida-RJ).Al\u00e9m disso traduzo livros e workshops da \u00e1rea de psicologia do alem\u00e3o para o portugu\u00eas.Ano passado finalizei a tradu\u00e7\u00e3o dos Semin\u00e1rios sobre Sonhos de Crian\u00e7as de C.G.Jung. Outra atividade minha \u00e9 a de contadora de hist\u00f3rias em pediatrias. (RJ)<\/p>\n<p><strong>2. Como conheceu Jung e o que a atraiu de imediato no trabalho de Jung?<\/strong><\/p>\n<p>Conheci Jung ainda estudante, durante o meu est\u00e1gio na casa das Palmeiras \u2013 institui\u00e7\u00e3o criada no Rio de Janeiro por Nise da Silveira.O que me atraiu de imediato em Jung \u00e9 a sua concep\u00e7\u00e3o simb\u00f3lica que n\u00e3o \u00e9 reducionista e seu rico di\u00e1logo com outras \u00e1reas do conhecimento como a literatura, filosofia, arte e religi\u00e3o.<!--more--><\/p>\n<p><strong>3. Quando decidiu se especializar em Jung?<\/strong><br \/>\nJ\u00e1 na faculdade. Apesar de n\u00e3o ter cursado nenhuma disciplina sobre Jung decidi fazer a minha monografia nessa \u00e1rea. Alguns anos depois resolvi continuar estudando Jung em meu mestrado.Somente mais tarde , j\u00e1 como professora da P\u00f3s Gradua\u00e7\u00e3o em Jung decidi fazer a P\u00f3s Gradua\u00e7\u00e3o igualmente como aluna.<\/p>\n<p><strong>4. Voc\u00ea traduziu o livro &#8216;Semin\u00e1rios sobre sonhos de crian\u00e7as&#8217;, de Jung. Como foi realizar este<br \/>\ntrabalho?<\/strong><\/p>\n<p>Foi um trabalho exaustivo e rico.A tradu\u00e7\u00e3o exigiu muita pesquisa pois neste livro Jung dialoga com in\u00fameras \u00e1reas do conhecimento. Ao mesmo tempo pude me aproximar mais do pensador Jung como ser humano, pois o livro consiste em semin\u00e1rios falados que foram transcritos e no princ\u00edpio o objetivo n\u00e3o era uma publica\u00e7\u00e3o.Sendo assim Jung revela um lado descontra\u00eddo e espont\u00e2neo ao qual n\u00e3o temos tanto acesso em suas outras obras.Nestes semin\u00e1rios Jung n\u00e3o parece muito preocupado com a repercuss\u00e3o de suas palavras e n\u00e3o tem \u201cpapas na l\u00edngua\u201d. \u00c0s vezes nos chocamos com as suas declara\u00e7\u00f5es diretas , outras nos maravilhamos!<\/p>\n<p><strong>5. Nos dias 30 de agosto e 1 de setembro voc\u00ea estar\u00e1 no Recife realizando o mini-curso \u2018Alquimia Junguiana: o universo alqu\u00edmico e a arte cl\u00ednica\u2019. Fala um pouco sobre a Alquimia na perspectiva Junguiana.<\/strong><\/p>\n<p>Jung tem um profundo interesse pelos diversos sistemas simb\u00f3licos das mais variadas culturas.O estudo junguiano da Alquimia encontra-se diretamente relacionado ao seu interesse pela religi\u00e3o.Na verdade Jung interessa-se por todos sistemas que acolhem e d\u00e3o forma \u00e0s imagens simb\u00f3licas do inconsciente.Por que raz\u00e3o? Jung afirma que ao lidarmos com os produtos inconscientes de nossos pacientes precisamos usar uma linguagem adequada \u2013 uma linguagem imag\u00e9tica.Est\u00e1 id\u00e9ia \u00e9 expressa pela m\u00e1xima alqu\u00edmica:\u201dDissolva a mat\u00e9ria em sua pr\u00f3pria \u00e1gua.\u201d Traduzindo: para compreender as imagens complexas, amb\u00edguas, paradoxais de nosso inconsciente n\u00e3o devemos lan\u00e7ar m\u00e3o de agentes externos estranhos a este material, pois assim destru\u00edmos as imagens atrav\u00e9s de uma postura reducionista ao inv\u00e9s de nos aprofundarmos nelas- ou como nos diz um texto alqu\u00edmico a respeito da opera\u00e7\u00e3o da calcina\u00e7\u00e3o (um processo de secagem da mat\u00e9ria):\u201da calcinatio s\u00f3 pode ocorrer por meio do aquecimento interior do corpo,assistido pelo amig\u00e1vel calor exterior; mas a calcina\u00e7\u00e3o atrav\u00e9s de um agente heterog\u00eaneo s\u00f3 pode destruir a natureza met\u00e1lica, se \u00e9 que tem algum efeito\u201d .<\/p>\n<p><strong>6. O que a Alquimia, esta arte t\u00e3o antiga, tem a nos dizer na atualidade?<\/strong><\/p>\n<p>Este \u00e9 um ponto que abordarei no curso. Devemos sempre ser cuidadosos ao transpormos um m\u00e9todo t\u00e3o antigo para a contemporaneidade- facilmente ca\u00edmos em anacronismos. N\u00e3o devemos esquecer que a rela\u00e7\u00e3o do homem medieval ( o auge da Alquimia \u00e9 na idade m\u00e9dia) com o seu meio circundante era bem diferente da nossa.N\u00e3o havia a no\u00e7\u00e3o de sujeito atual<br \/>\nnem a separa\u00e7\u00e3o\/cis\u00e3o entre sujeito e objeto.Por isso devemos compreender a Alquimia de modo metaf\u00f3rico.Ela nos fornece ricas e complexas imagens que descrevem os nossos processos internos. Jung p\u00f5e em pr\u00e1tica essa id\u00e9ia de falar das imagens atrav\u00e9s de outras imagens em seu m\u00e9todo de amplifica\u00e7\u00e3o.<\/p>\n<p><strong>7. Algo importante que queira dizer e que n\u00e3o foi perguntado.<\/strong><\/p>\n<p>Muitas coisas! Voc\u00eas descobrir\u00e3o no Mini Curso!<\/p>\n<p><span style=\"color: #ffffff;\">&#8211;<\/span><\/p>\n<p><span style=\"color: #ffffff;\">&#8211;<\/span><\/p>\n<p><span style=\"color: #ffffff;\">&#8211;<\/span><\/p>\n<p><script type=\"text\/javascript\">\/\/ <![CDATA[\ngoogle_ad_client = \"ca-pub-6774921656048980\"; \/* banner normal *\/ google_ad_slot = \"2987505043\"; google_ad_width = 468; google_ad_height = 60;\n\/\/ ]]><\/script><br \/>\n<script type=\"text\/javascript\" src=\"http:\/\/pagead2.googlesyndication.com\/pagead\/show_ads.js\">\/\/ <![CDATA[\n\n\n\/\/ ]]><\/script><\/p>\n","protected":false},"excerpt":{"rendered":"<p>A psic\u00f3loga junguiana Lorena Kim Ritchter estar\u00e1 no Recife nos dias 31 de agosto e 1 de setembro, ministrando o mini-curso \u2018Alquimia Junguiana: o universo alqu\u00edmico e a arte cl\u00ednica\u2019, no Lumen Novum, em Casa Forte. Conversamos com Lorena para conhecer melhor o trabalho dela. Confira na entrevista abaixo: 1.Quem \u00e9 Lorena Kim Richter (breve [&hellip;]<\/p>\n","protected":false},"author":1,"featured_media":0,"comment_status":"open","ping_status":"open","sticky":false,"template":"","format":"standard","meta":{"om_disable_all_campaigns":false,"_monsterinsights_skip_tracking":false,"_monsterinsights_sitenote_active":false,"_monsterinsights_sitenote_note":"","_monsterinsights_sitenote_category":0,"footnotes":""},"categories":[11],"tags":[74,60],"acf":[],"publishpress_future_action":{"enabled":false,"date":"1969-12-31 21:00:00","action":"","terms":[],"taxonomy":"","browser_timezone_offset":0},"_links":{"self":[{"href":"https:\/\/portalfloresnoar.com\/floresnoar\/wp-json\/wp\/v2\/posts\/1023"}],"collection":[{"href":"https:\/\/portalfloresnoar.com\/floresnoar\/wp-json\/wp\/v2\/posts"}],"about":[{"href":"https:\/\/portalfloresnoar.com\/floresnoar\/wp-json\/wp\/v2\/types\/post"}],"author":[{"embeddable":true,"href":"https:\/\/portalfloresnoar.com\/floresnoar\/wp-json\/wp\/v2\/users\/1"}],"replies":[{"embeddable":true,"href":"https:\/\/portalfloresnoar.com\/floresnoar\/wp-json\/wp\/v2\/comments?post=1023"}],"version-history":[{"count":0,"href":"https:\/\/portalfloresnoar.com\/floresnoar\/wp-json\/wp\/v2\/posts\/1023\/revisions"}],"wp:attachment":[{"href":"https:\/\/portalfloresnoar.com\/floresnoar\/wp-json\/wp\/v2\/media?parent=1023"}],"wp:term":[{"taxonomy":"category","embeddable":true,"href":"https:\/\/portalfloresnoar.com\/floresnoar\/wp-json\/wp\/v2\/categories?post=1023"},{"taxonomy":"post_tag","embeddable":true,"href":"https:\/\/portalfloresnoar.com\/floresnoar\/wp-json\/wp\/v2\/tags?post=1023"}],"curies":[{"name":"wp","href":"https:\/\/api.w.org\/{rel}","templated":true}]}}